{"id":2934,"date":"2016-10-12T16:56:45","date_gmt":"2016-10-12T15:56:45","guid":{"rendered":"http:\/\/arnaudyperzeele.com\/?p=2934"},"modified":"2016-10-12T17:01:42","modified_gmt":"2016-10-12T16:01:42","slug":"custom-totem","status":"publish","type":"post","link":"https:\/\/arnaudyperzeele.com\/index.php\/2016\/10\/12\/custom-totem\/","title":{"rendered":"Custom-Totem"},"content":{"rendered":"<p>[vc_row][vc_column][vc_column_text]<\/p>\n<p style=\"text-align: justify;\"><span data-offset-key=\"6tkin-0-0\"><span data-text=\"true\">En cours de cr\u00e9ation : Le \u201cCustom-Totem\u201d \u00e0 assembler et d\u00e9corer soi-m\u00eame. Destin\u00e9 aux ateliers \u201cFaire en Famille\u201d \u00e0 <\/span><\/span><span class=\"_5u8u\" spellcheck=\"false\" data-offset-key=\"6tkin-1-0\"><span data-offset-key=\"6tkin-1-0\"><span data-text=\"true\"><strong><a href=\"https:\/\/www.facebook.com\/latelierdesbricoleurs\/?fref=ts\" target=\"_blank\">L&rsquo;Atelier des Bricoleurs, Maison Folie Moulins<\/a><\/strong>. J&rsquo;animerai l&rsquo;atelier de cr\u00e9ation c<\/span><\/span><\/span><span data-offset-key=\"6tkin-2-0\"><span data-text=\"true\">e 23 octobre, de 14h \u00e0 17h, lors du <a href=\"https:\/\/www.facebook.com\/events\/958888034220903\/\" target=\"_blank\"><strong>M Festival 2016<\/strong><\/a>. Il reste\u00a0encore \u00e0 r\u00e9aliser les stickers illustr\u00e9s et autres \u00e9l\u00e9ments pour compl\u00e9ter la personnalisation de l&rsquo;habillage.<\/span><\/span><\/p>\n<p>[\/vc_column_text]<aside class=\"gap cf\" style=\"height:px;\"><\/aside><a class=\"image_link full\" rel=\"magnific\" data-size=\"470x1000\" href=\"https:\/\/arnaudyperzeele.com\/wp-content\/uploads\/2016\/10\/Custotem.jpg\" target=\"\" title=\"\"><img width=\"470\" height=\"1000\" src=\"https:\/\/arnaudyperzeele.com\/wp-content\/uploads\/2016\/10\/Custotem.jpg\" class=\"thb_image  center full  attachment-full\" alt=\"\" decoding=\"async\" loading=\"lazy\" srcset=\"https:\/\/arnaudyperzeele.com\/wp-content\/uploads\/2016\/10\/Custotem.jpg 470w, https:\/\/arnaudyperzeele.com\/wp-content\/uploads\/2016\/10\/Custotem-282x600.jpg 282w, https:\/\/arnaudyperzeele.com\/wp-content\/uploads\/2016\/10\/Custotem-400x851.jpg 400w\" sizes=\"(max-width: 470px) 100vw, 470px\" \/><\/a><aside class=\"gap cf\" style=\"height:px;\"><\/aside><a class=\"image_link full\" rel=\"magnific\" data-size=\"800x800\" href=\"https:\/\/arnaudyperzeele.com\/wp-content\/uploads\/2016\/10\/com-totem-atelier-faire-en-famille-septembre.jpg\" target=\"\" title=\"\"><img width=\"800\" height=\"800\" src=\"https:\/\/arnaudyperzeele.com\/wp-content\/uploads\/2016\/10\/com-totem-atelier-faire-en-famille-septembre.jpg\" class=\"thb_image  center full  attachment-full\" alt=\"\" decoding=\"async\" loading=\"lazy\" srcset=\"https:\/\/arnaudyperzeele.com\/wp-content\/uploads\/2016\/10\/com-totem-atelier-faire-en-famille-septembre.jpg 800w, https:\/\/arnaudyperzeele.com\/wp-content\/uploads\/2016\/10\/com-totem-atelier-faire-en-famille-septembre-300x300.jpg 300w, https:\/\/arnaudyperzeele.com\/wp-content\/uploads\/2016\/10\/com-totem-atelier-faire-en-famille-septembre-600x600.jpg 600w, https:\/\/arnaudyperzeele.com\/wp-content\/uploads\/2016\/10\/com-totem-atelier-faire-en-famille-septembre-768x768.jpg 768w, https:\/\/arnaudyperzeele.com\/wp-content\/uploads\/2016\/10\/com-totem-atelier-faire-en-famille-septembre-90x90.jpg 90w, https:\/\/arnaudyperzeele.com\/wp-content\/uploads\/2016\/10\/com-totem-atelier-faire-en-famille-septembre-400x400.jpg 400w\" sizes=\"(max-width: 800px) 100vw, 800px\" \/><\/a><aside class=\"gap cf\" style=\"height:px;\"><\/aside>[vc_column_text]<\/p>\n<p style=\"text-align: center;\">Recherche graphique.<\/p>\n<p>[\/vc_column_text]<aside class=\"gap cf\" style=\"height:px;\"><\/aside>[\/vc_column][\/vc_row][vc_row][vc_column][vc_column_text]<\/p>\n<p>&nbsp;<\/p>\n<p>&nbsp;<\/p>\n<p>[\/vc_column_text][\/vc_column][\/vc_row]<\/p>\n","protected":false},"excerpt":{"rendered":"<p>[vc_row][vc_column][vc_column_text] En cours de cr\u00e9ation : Le \u201cCustom-Totem\u201d \u00e0 assembler et d\u00e9corer soi-m\u00eame. Destin\u00e9 aux ateliers \u201cFaire en Famille\u201d \u00e0 L&rsquo;Atelier des Bricoleurs, Maison Folie Moulins. J&rsquo;animerai l&rsquo;atelier de cr\u00e9ation ce 23 octobre, de 14h \u00e0 17h, lors du M Festival 2016. Il reste\u00a0encore \u00e0 r\u00e9aliser les stickers illustr\u00e9s et autres \u00e9l\u00e9ments pour compl\u00e9ter la&hellip;<\/p>\n","protected":false},"author":1,"featured_media":2937,"comment_status":"closed","ping_status":"open","sticky":false,"template":"","format":"standard","meta":[],"categories":[59,61,75,77],"tags":[],"_links":{"self":[{"href":"https:\/\/arnaudyperzeele.com\/index.php\/wp-json\/wp\/v2\/posts\/2934"}],"collection":[{"href":"https:\/\/arnaudyperzeele.com\/index.php\/wp-json\/wp\/v2\/posts"}],"about":[{"href":"https:\/\/arnaudyperzeele.com\/index.php\/wp-json\/wp\/v2\/types\/post"}],"author":[{"embeddable":true,"href":"https:\/\/arnaudyperzeele.com\/index.php\/wp-json\/wp\/v2\/users\/1"}],"replies":[{"embeddable":true,"href":"https:\/\/arnaudyperzeele.com\/index.php\/wp-json\/wp\/v2\/comments?post=2934"}],"version-history":[{"count":6,"href":"https:\/\/arnaudyperzeele.com\/index.php\/wp-json\/wp\/v2\/posts\/2934\/revisions"}],"predecessor-version":[{"id":2943,"href":"https:\/\/arnaudyperzeele.com\/index.php\/wp-json\/wp\/v2\/posts\/2934\/revisions\/2943"}],"wp:featuredmedia":[{"embeddable":true,"href":"https:\/\/arnaudyperzeele.com\/index.php\/wp-json\/wp\/v2\/media\/2937"}],"wp:attachment":[{"href":"https:\/\/arnaudyperzeele.com\/index.php\/wp-json\/wp\/v2\/media?parent=2934"}],"wp:term":[{"taxonomy":"category","embeddable":true,"href":"https:\/\/arnaudyperzeele.com\/index.php\/wp-json\/wp\/v2\/categories?post=2934"},{"taxonomy":"post_tag","embeddable":true,"href":"https:\/\/arnaudyperzeele.com\/index.php\/wp-json\/wp\/v2\/tags?post=2934"}],"curies":[{"name":"wp","href":"https:\/\/api.w.org\/{rel}","templated":true}]}}