{"id":2659,"date":"2016-03-18T13:00:58","date_gmt":"2016-03-18T12:00:58","guid":{"rendered":"http:\/\/arnaudyperzeele.com\/?p=2659"},"modified":"2016-10-12T17:16:18","modified_gmt":"2016-10-12T16:16:18","slug":"mini-blaster-termine","status":"publish","type":"post","link":"https:\/\/arnaudyperzeele.com\/index.php\/2016\/03\/18\/mini-blaster-termine\/","title":{"rendered":"Mini-Blaster termin\u00e9 !"},"content":{"rendered":"<p>Apr\u00e8s quelques semaines de conception, de modifications et une bonne dizaine de prototypes&#8230; Le Mini-Blaster en carton est termin\u00e9 !<\/p>\n<p>Les dimensions\u00a0sont un peu plus grandes que pr\u00e9vues (120&#215;85 mm)<\/p>\n<p>Je\u00a0travaille actuellement\u00a0sur l&rsquo;\u00e9laboration du plan de montage et du petit poster format A3 illustr\u00e9 qui accompagneront le Mini-Blaster bient\u00f4t disponible pour ceux qui voudront se l&rsquo;offrir.<\/p>\n<p>Le montage est garantie <strong>sans colle<\/strong>.<\/p>\n<p>Si tout se passe bien\u00a0dans la production, une premi\u00e8re s\u00e9rie de 100 exemplaires sera disponible pour commencer.<\/p>\n<p><img decoding=\"async\" loading=\"lazy\" class=\"size-full wp-image-2667 aligncenter\" src=\"http:\/\/arnaudyperzeele.com\/wp-content\/uploads\/2016\/03\/full-mini-blaster-cardboard.jpg\" alt=\"full-mini-blaster-cardboard\" width=\"1000\" height=\"666\" srcset=\"https:\/\/arnaudyperzeele.com\/wp-content\/uploads\/2016\/03\/full-mini-blaster-cardboard.jpg 1000w, https:\/\/arnaudyperzeele.com\/wp-content\/uploads\/2016\/03\/full-mini-blaster-cardboard-600x400.jpg 600w, https:\/\/arnaudyperzeele.com\/wp-content\/uploads\/2016\/03\/full-mini-blaster-cardboard-768x511.jpg 768w, https:\/\/arnaudyperzeele.com\/wp-content\/uploads\/2016\/03\/full-mini-blaster-cardboard-400x266.jpg 400w\" sizes=\"(max-width: 1000px) 100vw, 1000px\" \/><\/p>\n<p><img decoding=\"async\" loading=\"lazy\" class=\"size-full wp-image-2662 aligncenter\" src=\"http:\/\/arnaudyperzeele.com\/wp-content\/uploads\/2016\/03\/focus-cut-mini-blaster.jpg\" alt=\"focus-cut-mini-blaster\" width=\"950\" height=\"633\" srcset=\"https:\/\/arnaudyperzeele.com\/wp-content\/uploads\/2016\/03\/focus-cut-mini-blaster.jpg 950w, https:\/\/arnaudyperzeele.com\/wp-content\/uploads\/2016\/03\/focus-cut-mini-blaster-600x400.jpg 600w, https:\/\/arnaudyperzeele.com\/wp-content\/uploads\/2016\/03\/focus-cut-mini-blaster-768x512.jpg 768w, https:\/\/arnaudyperzeele.com\/wp-content\/uploads\/2016\/03\/focus-cut-mini-blaster-400x267.jpg 400w\" sizes=\"(max-width: 950px) 100vw, 950px\" \/><\/p>\n<p><img decoding=\"async\" loading=\"lazy\" class=\"size-full wp-image-2665 aligncenter\" src=\"http:\/\/arnaudyperzeele.com\/wp-content\/uploads\/2016\/03\/focus-all-pieces-mini-blaster.jpg\" alt=\"focus-all-pieces-mini-blaster\" width=\"950\" height=\"633\" srcset=\"https:\/\/arnaudyperzeele.com\/wp-content\/uploads\/2016\/03\/focus-all-pieces-mini-blaster.jpg 950w, https:\/\/arnaudyperzeele.com\/wp-content\/uploads\/2016\/03\/focus-all-pieces-mini-blaster-600x400.jpg 600w, https:\/\/arnaudyperzeele.com\/wp-content\/uploads\/2016\/03\/focus-all-pieces-mini-blaster-768x512.jpg 768w, https:\/\/arnaudyperzeele.com\/wp-content\/uploads\/2016\/03\/focus-all-pieces-mini-blaster-400x267.jpg 400w\" sizes=\"(max-width: 950px) 100vw, 950px\" \/><\/p>\n<p><img decoding=\"async\" loading=\"lazy\" class=\"size-full wp-image-2666 aligncenter\" src=\"http:\/\/arnaudyperzeele.com\/wp-content\/uploads\/2016\/03\/focus-piece-mini-blaster.jpg\" alt=\"focus-piece-mini-blaster\" width=\"633\" height=\"950\" srcset=\"https:\/\/arnaudyperzeele.com\/wp-content\/uploads\/2016\/03\/focus-piece-mini-blaster.jpg 633w, https:\/\/arnaudyperzeele.com\/wp-content\/uploads\/2016\/03\/focus-piece-mini-blaster-400x600.jpg 400w\" sizes=\"(max-width: 633px) 100vw, 633px\" \/><\/p>\n<p>&nbsp;<\/p>\n<p>&nbsp;<\/p>\n<p>&nbsp;<\/p>\n","protected":false},"excerpt":{"rendered":"<p>Apr\u00e8s quelques semaines de conception, de modifications et une bonne dizaine de prototypes&#8230; Le Mini-Blaster en carton est termin\u00e9 ! Les dimensions\u00a0sont un peu plus grandes que pr\u00e9vues (120&#215;85 mm) Je\u00a0travaille actuellement\u00a0sur l&rsquo;\u00e9laboration du plan de montage et du petit poster format A3 illustr\u00e9 qui accompagneront le Mini-Blaster bient\u00f4t disponible pour ceux qui voudront se&hellip;<\/p>\n","protected":false},"author":1,"featured_media":2660,"comment_status":"closed","ping_status":"open","sticky":false,"template":"","format":"standard","meta":[],"categories":[59,61,77],"tags":[],"_links":{"self":[{"href":"https:\/\/arnaudyperzeele.com\/index.php\/wp-json\/wp\/v2\/posts\/2659"}],"collection":[{"href":"https:\/\/arnaudyperzeele.com\/index.php\/wp-json\/wp\/v2\/posts"}],"about":[{"href":"https:\/\/arnaudyperzeele.com\/index.php\/wp-json\/wp\/v2\/types\/post"}],"author":[{"embeddable":true,"href":"https:\/\/arnaudyperzeele.com\/index.php\/wp-json\/wp\/v2\/users\/1"}],"replies":[{"embeddable":true,"href":"https:\/\/arnaudyperzeele.com\/index.php\/wp-json\/wp\/v2\/comments?post=2659"}],"version-history":[{"count":11,"href":"https:\/\/arnaudyperzeele.com\/index.php\/wp-json\/wp\/v2\/posts\/2659\/revisions"}],"predecessor-version":[{"id":2677,"href":"https:\/\/arnaudyperzeele.com\/index.php\/wp-json\/wp\/v2\/posts\/2659\/revisions\/2677"}],"wp:featuredmedia":[{"embeddable":true,"href":"https:\/\/arnaudyperzeele.com\/index.php\/wp-json\/wp\/v2\/media\/2660"}],"wp:attachment":[{"href":"https:\/\/arnaudyperzeele.com\/index.php\/wp-json\/wp\/v2\/media?parent=2659"}],"wp:term":[{"taxonomy":"category","embeddable":true,"href":"https:\/\/arnaudyperzeele.com\/index.php\/wp-json\/wp\/v2\/categories?post=2659"},{"taxonomy":"post_tag","embeddable":true,"href":"https:\/\/arnaudyperzeele.com\/index.php\/wp-json\/wp\/v2\/tags?post=2659"}],"curies":[{"name":"wp","href":"https:\/\/api.w.org\/{rel}","templated":true}]}}